{"id":5720,"date":"2019-06-20T09:23:33","date_gmt":"2019-06-20T07:23:33","guid":{"rendered":"https:\/\/www.divella.it\/confindustria-bari-e-bat-eletto-vice-presidente-francesco-divella\/"},"modified":"2024-01-02T12:27:37","modified_gmt":"2024-01-02T11:27:37","slug":"confindustria-bari-e-bat-eletto-vice-presidente-francesco-divella","status":"publish","type":"post","link":"https:\/\/www.divella.it\/it\/news\/confindustria-bari-e-bat-eletto-vice-presidente-francesco-divella\/","title":{"rendered":"Confindustria Bari e BAT: eletto Vice Presidente Francesco Divella"},"content":{"rendered":"<div class=\"wpb-content-wrapper\"><p>[vc_row][vc_column][vc_empty_space][\/vc_column][\/vc_row][vc_row][vc_column][vc_column_text]<\/p>\n<section class=\"articleText\" style=\"line-height: 26px;\">L\u2019assemblea generale delle imprese associate a Confindustria Bari e Bat ha nominato Francesco Divella vicepresidente con delega all\u2019internazionalizzazione. Il nuovo presidente \u00e8 Sergio Fontana. I nuovi vertici associativi resteranno in carica per il quadriennio 2019-2023. Francesco Divella, 43 anni, barese \u00e8 laureato in Economia e Commercio ed \u00e8 esponente della quarta generazione dell\u2019omonima famiglia. Nella F. Divella S.p.A, con sede a Rutigliano (BA) e fondata nel 1890, \u00a0\u00e8 responsabile marketing ed \u00e8 responsabile commerciale della Divisione Molitoria del Gruppo. L\u2019azienda \u00e8 associata ad Unionfood (Unione Italiana Food &#8211; ex Aidepi) e Italmopa (Associazione Industriali Mugnai d\u2019Italia) entrambe aderenti a Federalimentare (Federazione Italiana dell\u2019Industria Alimentare) e Confindustria. Dal 2008 al 2010 \u00e8 stato presidente nazionale del Gruppo Giovani Italmopa e durante il biennio 2014-2016 ha ricoperto l\u2019incarico di presidente nazionale dei Giovani Imprenditori di Federalimentare. In Confindustria<strong>, <\/strong>a livello centrale, \u00e8 stato membro del Comitato Tecnico per la Tutela del Made in Italy e la lotta alla Contraffazione ed \u00e8 attualmente membro del Gruppo Tecnico Fisco. In Confindustria Bari e BAT \u00e8 anche vicepresidente della Sezione Agroalimentare. <strong>\u201c<\/strong>Il mio impegno per questo nuovo incarico \u2013 spiega Francesco Divella &#8211; sar\u00e0 forte e costante per lo sviluppo del territorio e delle aziende associate che intendono crescere e incrementare la loro presenza sui mercati esteri\u201d.<\/p>\n<p>&nbsp;<\/p>\n<p>&nbsp;<\/p>\n<\/section>\n<p>[\/vc_column_text][\/vc_column][\/vc_row][vc_row][vc_column][vc_media_grid element_width=&#8221;6&#8243; grid_id=&#8221;vc_gid:1672302721117-6272da4c-6cfe-1&#8243; include=&#8221;5742,5744&#8243;][\/vc_column][\/vc_row]<\/p>\n<\/div>","protected":false},"excerpt":{"rendered":"<p>[vc_row][vc_column][vc_empty_space][\/vc_column][\/vc_row][vc_row][vc_column][vc_column_text] L\u2019assemblea generale delle imprese associate a Confindustria Bari e Bat ha nominato Francesco Divella vicepresidente con delega all\u2019internazionalizzazione. Il nuovo presidente \u00e8 Sergio Fontana. I nuovi vertici associativi resteranno in carica per il quadriennio 2019-2023. Francesco Divella, 43 anni, barese \u00e8 laureato in Economia e Commercio ed \u00e8 esponente della quarta generazione dell\u2019omonima famiglia. [&hellip;]<\/p>\n","protected":false},"author":2,"featured_media":5716,"comment_status":"closed","ping_status":"open","sticky":false,"template":"","format":"standard","meta":{"inline_featured_image":false,"footnotes":""},"categories":[1],"tags":[],"class_list":["post-5720","post","type-post","status-publish","format-standard","has-post-thumbnail","hentry","category-news"],"yoast_head":"<!-- This site is optimized with the Yoast SEO plugin v27.4 - https:\/\/yoast.com\/product\/yoast-seo-wordpress\/ -->\n<title>Confindustria Bari e BAT: eletto Vice Presidente Francesco Divella - Divella<\/title>\n<meta name=\"robots\" content=\"index, follow, max-snippet:-1, max-image-preview:large, max-video-preview:-1\" \/>\n<link rel=\"canonical\" href=\"https:\/\/www.divella.it\/it\/news\/confindustria-bari-e-bat-eletto-vice-presidente-francesco-divella\/\" \/>\n<meta property=\"og:locale\" content=\"it_IT\" \/>\n<meta property=\"og:type\" content=\"article\" \/>\n<meta property=\"og:title\" content=\"Confindustria Bari e BAT: eletto Vice Presidente Francesco Divella - Divella\" \/>\n<meta property=\"og:description\" content=\"[vc_row][vc_column][vc_empty_space][\/vc_column][\/vc_row][vc_row][vc_column][vc_column_text] L\u2019assemblea generale delle imprese associate a Confindustria Bari e Bat ha nominato Francesco Divella vicepresidente con delega all\u2019internazionalizzazione. Il nuovo presidente \u00e8 Sergio Fontana. I nuovi vertici associativi resteranno in carica per il quadriennio 2019-2023. Francesco Divella, 43 anni, barese \u00e8 laureato in Economia e Commercio ed \u00e8 esponente della quarta generazione dell\u2019omonima famiglia. [&hellip;]\" \/>\n<meta property=\"og:url\" content=\"https:\/\/www.divella.it\/it\/news\/confindustria-bari-e-bat-eletto-vice-presidente-francesco-divella\/\" \/>\n<meta property=\"og:site_name\" content=\"Divella\" \/>\n<meta property=\"article:publisher\" content=\"https:\/\/www.facebook.com\/Divella.IT\/\" \/>\n<meta property=\"article:published_time\" content=\"2019-06-20T07:23:33+00:00\" \/>\n<meta property=\"article:modified_time\" content=\"2024-01-02T11:27:37+00:00\" \/>\n<meta property=\"og:image\" content=\"https:\/\/www.divella.it\/wp-content\/uploads\/2022\/12\/Confindustria-Bari-BAT-eletto-Vice-Presidente-Francesco-Divella.jpg\" \/>\n\t<meta property=\"og:image:width\" content=\"1920\" \/>\n\t<meta property=\"og:image:height\" content=\"600\" \/>\n\t<meta property=\"og:image:type\" content=\"image\/jpeg\" \/>\n<meta name=\"author\" content=\"Angelo Impedovo\" \/>\n<meta name=\"twitter:card\" content=\"summary_large_image\" \/>\n<meta name=\"twitter:creator\" content=\"@aimpedovo\" \/>\n<meta name=\"twitter:site\" content=\"@divellaofficial\" \/>\n<meta name=\"twitter:label1\" content=\"Scritto da\" \/>\n\t<meta name=\"twitter:data1\" content=\"Angelo Impedovo\" \/>\n\t<meta name=\"twitter:label2\" content=\"Tempo di lettura stimato\" \/>\n\t<meta name=\"twitter:data2\" content=\"2 minuti\" \/>\n<script type=\"application\/ld+json\" class=\"yoast-schema-graph\">{\"@context\":\"https:\\\/\\\/schema.org\",\"@graph\":[{\"@type\":\"Article\",\"@id\":\"https:\\\/\\\/www.divella.it\\\/it\\\/news\\\/confindustria-bari-e-bat-eletto-vice-presidente-francesco-divella\\\/#article\",\"isPartOf\":{\"@id\":\"https:\\\/\\\/www.divella.it\\\/it\\\/news\\\/confindustria-bari-e-bat-eletto-vice-presidente-francesco-divella\\\/\"},\"author\":{\"name\":\"Angelo Impedovo\",\"@id\":\"https:\\\/\\\/www.divella.it\\\/it\\\/#\\\/schema\\\/person\\\/ccb315d50b45c5110ecbd37c8a5b9756\"},\"headline\":\"Confindustria Bari e BAT: eletto Vice Presidente Francesco Divella\",\"datePublished\":\"2019-06-20T07:23:33+00:00\",\"dateModified\":\"2024-01-02T11:27:37+00:00\",\"mainEntityOfPage\":{\"@id\":\"https:\\\/\\\/www.divella.it\\\/it\\\/news\\\/confindustria-bari-e-bat-eletto-vice-presidente-francesco-divella\\\/\"},\"wordCount\":264,\"publisher\":{\"@id\":\"https:\\\/\\\/www.divella.it\\\/it\\\/#organization\"},\"image\":{\"@id\":\"https:\\\/\\\/www.divella.it\\\/it\\\/news\\\/confindustria-bari-e-bat-eletto-vice-presidente-francesco-divella\\\/#primaryimage\"},\"thumbnailUrl\":\"https:\\\/\\\/www.divella.it\\\/wp-content\\\/uploads\\\/2022\\\/12\\\/Confindustria-Bari-BAT-eletto-Vice-Presidente-Francesco-Divella.jpg\",\"articleSection\":[\"News\"],\"inLanguage\":\"it-IT\"},{\"@type\":\"WebPage\",\"@id\":\"https:\\\/\\\/www.divella.it\\\/it\\\/news\\\/confindustria-bari-e-bat-eletto-vice-presidente-francesco-divella\\\/\",\"url\":\"https:\\\/\\\/www.divella.it\\\/it\\\/news\\\/confindustria-bari-e-bat-eletto-vice-presidente-francesco-divella\\\/\",\"name\":\"Confindustria Bari e BAT: eletto Vice Presidente Francesco Divella - Divella\",\"isPartOf\":{\"@id\":\"https:\\\/\\\/www.divella.it\\\/it\\\/#website\"},\"primaryImageOfPage\":{\"@id\":\"https:\\\/\\\/www.divella.it\\\/it\\\/news\\\/confindustria-bari-e-bat-eletto-vice-presidente-francesco-divella\\\/#primaryimage\"},\"image\":{\"@id\":\"https:\\\/\\\/www.divella.it\\\/it\\\/news\\\/confindustria-bari-e-bat-eletto-vice-presidente-francesco-divella\\\/#primaryimage\"},\"thumbnailUrl\":\"https:\\\/\\\/www.divella.it\\\/wp-content\\\/uploads\\\/2022\\\/12\\\/Confindustria-Bari-BAT-eletto-Vice-Presidente-Francesco-Divella.jpg\",\"datePublished\":\"2019-06-20T07:23:33+00:00\",\"dateModified\":\"2024-01-02T11:27:37+00:00\",\"breadcrumb\":{\"@id\":\"https:\\\/\\\/www.divella.it\\\/it\\\/news\\\/confindustria-bari-e-bat-eletto-vice-presidente-francesco-divella\\\/#breadcrumb\"},\"inLanguage\":\"it-IT\",\"potentialAction\":[{\"@type\":\"ReadAction\",\"target\":[\"https:\\\/\\\/www.divella.it\\\/it\\\/news\\\/confindustria-bari-e-bat-eletto-vice-presidente-francesco-divella\\\/\"]}]},{\"@type\":\"ImageObject\",\"inLanguage\":\"it-IT\",\"@id\":\"https:\\\/\\\/www.divella.it\\\/it\\\/news\\\/confindustria-bari-e-bat-eletto-vice-presidente-francesco-divella\\\/#primaryimage\",\"url\":\"https:\\\/\\\/www.divella.it\\\/wp-content\\\/uploads\\\/2022\\\/12\\\/Confindustria-Bari-BAT-eletto-Vice-Presidente-Francesco-Divella.jpg\",\"contentUrl\":\"https:\\\/\\\/www.divella.it\\\/wp-content\\\/uploads\\\/2022\\\/12\\\/Confindustria-Bari-BAT-eletto-Vice-Presidente-Francesco-Divella.jpg\",\"width\":1920,\"height\":600},{\"@type\":\"BreadcrumbList\",\"@id\":\"https:\\\/\\\/www.divella.it\\\/it\\\/news\\\/confindustria-bari-e-bat-eletto-vice-presidente-francesco-divella\\\/#breadcrumb\",\"itemListElement\":[{\"@type\":\"ListItem\",\"position\":1,\"name\":\"Home\",\"item\":\"https:\\\/\\\/www.divella.it\\\/it\\\/\"},{\"@type\":\"ListItem\",\"position\":2,\"name\":\"Confindustria Bari e BAT: eletto Vice Presidente Francesco Divella\"}]},{\"@type\":\"WebSite\",\"@id\":\"https:\\\/\\\/www.divella.it\\\/it\\\/#website\",\"url\":\"https:\\\/\\\/www.divella.it\\\/it\\\/\",\"name\":\"Divella\",\"description\":\"\",\"publisher\":{\"@id\":\"https:\\\/\\\/www.divella.it\\\/it\\\/#organization\"},\"potentialAction\":[{\"@type\":\"SearchAction\",\"target\":{\"@type\":\"EntryPoint\",\"urlTemplate\":\"https:\\\/\\\/www.divella.it\\\/it\\\/?s={search_term_string}\"},\"query-input\":{\"@type\":\"PropertyValueSpecification\",\"valueRequired\":true,\"valueName\":\"search_term_string\"}}],\"inLanguage\":\"it-IT\"},{\"@type\":\"Organization\",\"@id\":\"https:\\\/\\\/www.divella.it\\\/it\\\/#organization\",\"name\":\"Divella\",\"url\":\"https:\\\/\\\/www.divella.it\\\/it\\\/\",\"logo\":{\"@type\":\"ImageObject\",\"inLanguage\":\"it-IT\",\"@id\":\"https:\\\/\\\/www.divella.it\\\/it\\\/#\\\/schema\\\/logo\\\/image\\\/\",\"url\":\"https:\\\/\\\/www.divella.it\\\/wp-content\\\/uploads\\\/2023\\\/01\\\/logo-divella.jpg\",\"contentUrl\":\"https:\\\/\\\/www.divella.it\\\/wp-content\\\/uploads\\\/2023\\\/01\\\/logo-divella.jpg\",\"width\":200,\"height\":151,\"caption\":\"Divella\"},\"image\":{\"@id\":\"https:\\\/\\\/www.divella.it\\\/it\\\/#\\\/schema\\\/logo\\\/image\\\/\"},\"sameAs\":[\"https:\\\/\\\/www.facebook.com\\\/Divella.IT\\\/\",\"https:\\\/\\\/x.com\\\/divellaofficial\",\"https:\\\/\\\/www.youtube.com\\\/channel\\\/UCfw9Jp-BYRM0T9qWR7RQK7A\",\"https:\\\/\\\/www.instagram.com\\\/divellaofficial\\\/?hl=it\",\"https:\\\/\\\/www.linkedin.com\\\/company\\\/f.-divella-spa\\\/?originalSubdomain=it\"]},{\"@type\":\"Person\",\"@id\":\"https:\\\/\\\/www.divella.it\\\/it\\\/#\\\/schema\\\/person\\\/ccb315d50b45c5110ecbd37c8a5b9756\",\"name\":\"Angelo Impedovo\",\"image\":{\"@type\":\"ImageObject\",\"inLanguage\":\"it-IT\",\"@id\":\"https:\\\/\\\/secure.gravatar.com\\\/avatar\\\/146f6e076d0536309cb70abd2f9d961a6e24a66c04b23926880f602bd12f8f75?s=96&d=mm&r=g\",\"url\":\"https:\\\/\\\/secure.gravatar.com\\\/avatar\\\/146f6e076d0536309cb70abd2f9d961a6e24a66c04b23926880f602bd12f8f75?s=96&d=mm&r=g\",\"contentUrl\":\"https:\\\/\\\/secure.gravatar.com\\\/avatar\\\/146f6e076d0536309cb70abd2f9d961a6e24a66c04b23926880f602bd12f8f75?s=96&d=mm&r=g\",\"caption\":\"Angelo Impedovo\"},\"sameAs\":[\"https:\\\/\\\/x.com\\\/aimpedovo\"]}]}<\/script>\n<!-- \/ Yoast SEO plugin. -->","yoast_head_json":{"title":"Confindustria Bari e BAT: eletto Vice Presidente Francesco Divella - Divella","robots":{"index":"index","follow":"follow","max-snippet":"max-snippet:-1","max-image-preview":"max-image-preview:large","max-video-preview":"max-video-preview:-1"},"canonical":"https:\/\/www.divella.it\/it\/news\/confindustria-bari-e-bat-eletto-vice-presidente-francesco-divella\/","og_locale":"it_IT","og_type":"article","og_title":"Confindustria Bari e BAT: eletto Vice Presidente Francesco Divella - Divella","og_description":"[vc_row][vc_column][vc_empty_space][\/vc_column][\/vc_row][vc_row][vc_column][vc_column_text] L\u2019assemblea generale delle imprese associate a Confindustria Bari e Bat ha nominato Francesco Divella vicepresidente con delega all\u2019internazionalizzazione. Il nuovo presidente \u00e8 Sergio Fontana. I nuovi vertici associativi resteranno in carica per il quadriennio 2019-2023. Francesco Divella, 43 anni, barese \u00e8 laureato in Economia e Commercio ed \u00e8 esponente della quarta generazione dell\u2019omonima famiglia. [&hellip;]","og_url":"https:\/\/www.divella.it\/it\/news\/confindustria-bari-e-bat-eletto-vice-presidente-francesco-divella\/","og_site_name":"Divella","article_publisher":"https:\/\/www.facebook.com\/Divella.IT\/","article_published_time":"2019-06-20T07:23:33+00:00","article_modified_time":"2024-01-02T11:27:37+00:00","og_image":[{"width":1920,"height":600,"url":"https:\/\/www.divella.it\/wp-content\/uploads\/2022\/12\/Confindustria-Bari-BAT-eletto-Vice-Presidente-Francesco-Divella.jpg","type":"image\/jpeg"}],"author":"Angelo Impedovo","twitter_card":"summary_large_image","twitter_creator":"@aimpedovo","twitter_site":"@divellaofficial","twitter_misc":{"Scritto da":"Angelo Impedovo","Tempo di lettura stimato":"2 minuti"},"schema":{"@context":"https:\/\/schema.org","@graph":[{"@type":"Article","@id":"https:\/\/www.divella.it\/it\/news\/confindustria-bari-e-bat-eletto-vice-presidente-francesco-divella\/#article","isPartOf":{"@id":"https:\/\/www.divella.it\/it\/news\/confindustria-bari-e-bat-eletto-vice-presidente-francesco-divella\/"},"author":{"name":"Angelo Impedovo","@id":"https:\/\/www.divella.it\/it\/#\/schema\/person\/ccb315d50b45c5110ecbd37c8a5b9756"},"headline":"Confindustria Bari e BAT: eletto Vice Presidente Francesco Divella","datePublished":"2019-06-20T07:23:33+00:00","dateModified":"2024-01-02T11:27:37+00:00","mainEntityOfPage":{"@id":"https:\/\/www.divella.it\/it\/news\/confindustria-bari-e-bat-eletto-vice-presidente-francesco-divella\/"},"wordCount":264,"publisher":{"@id":"https:\/\/www.divella.it\/it\/#organization"},"image":{"@id":"https:\/\/www.divella.it\/it\/news\/confindustria-bari-e-bat-eletto-vice-presidente-francesco-divella\/#primaryimage"},"thumbnailUrl":"https:\/\/www.divella.it\/wp-content\/uploads\/2022\/12\/Confindustria-Bari-BAT-eletto-Vice-Presidente-Francesco-Divella.jpg","articleSection":["News"],"inLanguage":"it-IT"},{"@type":"WebPage","@id":"https:\/\/www.divella.it\/it\/news\/confindustria-bari-e-bat-eletto-vice-presidente-francesco-divella\/","url":"https:\/\/www.divella.it\/it\/news\/confindustria-bari-e-bat-eletto-vice-presidente-francesco-divella\/","name":"Confindustria Bari e BAT: eletto Vice Presidente Francesco Divella - Divella","isPartOf":{"@id":"https:\/\/www.divella.it\/it\/#website"},"primaryImageOfPage":{"@id":"https:\/\/www.divella.it\/it\/news\/confindustria-bari-e-bat-eletto-vice-presidente-francesco-divella\/#primaryimage"},"image":{"@id":"https:\/\/www.divella.it\/it\/news\/confindustria-bari-e-bat-eletto-vice-presidente-francesco-divella\/#primaryimage"},"thumbnailUrl":"https:\/\/www.divella.it\/wp-content\/uploads\/2022\/12\/Confindustria-Bari-BAT-eletto-Vice-Presidente-Francesco-Divella.jpg","datePublished":"2019-06-20T07:23:33+00:00","dateModified":"2024-01-02T11:27:37+00:00","breadcrumb":{"@id":"https:\/\/www.divella.it\/it\/news\/confindustria-bari-e-bat-eletto-vice-presidente-francesco-divella\/#breadcrumb"},"inLanguage":"it-IT","potentialAction":[{"@type":"ReadAction","target":["https:\/\/www.divella.it\/it\/news\/confindustria-bari-e-bat-eletto-vice-presidente-francesco-divella\/"]}]},{"@type":"ImageObject","inLanguage":"it-IT","@id":"https:\/\/www.divella.it\/it\/news\/confindustria-bari-e-bat-eletto-vice-presidente-francesco-divella\/#primaryimage","url":"https:\/\/www.divella.it\/wp-content\/uploads\/2022\/12\/Confindustria-Bari-BAT-eletto-Vice-Presidente-Francesco-Divella.jpg","contentUrl":"https:\/\/www.divella.it\/wp-content\/uploads\/2022\/12\/Confindustria-Bari-BAT-eletto-Vice-Presidente-Francesco-Divella.jpg","width":1920,"height":600},{"@type":"BreadcrumbList","@id":"https:\/\/www.divella.it\/it\/news\/confindustria-bari-e-bat-eletto-vice-presidente-francesco-divella\/#breadcrumb","itemListElement":[{"@type":"ListItem","position":1,"name":"Home","item":"https:\/\/www.divella.it\/it\/"},{"@type":"ListItem","position":2,"name":"Confindustria Bari e BAT: eletto Vice Presidente Francesco Divella"}]},{"@type":"WebSite","@id":"https:\/\/www.divella.it\/it\/#website","url":"https:\/\/www.divella.it\/it\/","name":"Divella","description":"","publisher":{"@id":"https:\/\/www.divella.it\/it\/#organization"},"potentialAction":[{"@type":"SearchAction","target":{"@type":"EntryPoint","urlTemplate":"https:\/\/www.divella.it\/it\/?s={search_term_string}"},"query-input":{"@type":"PropertyValueSpecification","valueRequired":true,"valueName":"search_term_string"}}],"inLanguage":"it-IT"},{"@type":"Organization","@id":"https:\/\/www.divella.it\/it\/#organization","name":"Divella","url":"https:\/\/www.divella.it\/it\/","logo":{"@type":"ImageObject","inLanguage":"it-IT","@id":"https:\/\/www.divella.it\/it\/#\/schema\/logo\/image\/","url":"https:\/\/www.divella.it\/wp-content\/uploads\/2023\/01\/logo-divella.jpg","contentUrl":"https:\/\/www.divella.it\/wp-content\/uploads\/2023\/01\/logo-divella.jpg","width":200,"height":151,"caption":"Divella"},"image":{"@id":"https:\/\/www.divella.it\/it\/#\/schema\/logo\/image\/"},"sameAs":["https:\/\/www.facebook.com\/Divella.IT\/","https:\/\/x.com\/divellaofficial","https:\/\/www.youtube.com\/channel\/UCfw9Jp-BYRM0T9qWR7RQK7A","https:\/\/www.instagram.com\/divellaofficial\/?hl=it","https:\/\/www.linkedin.com\/company\/f.-divella-spa\/?originalSubdomain=it"]},{"@type":"Person","@id":"https:\/\/www.divella.it\/it\/#\/schema\/person\/ccb315d50b45c5110ecbd37c8a5b9756","name":"Angelo Impedovo","image":{"@type":"ImageObject","inLanguage":"it-IT","@id":"https:\/\/secure.gravatar.com\/avatar\/146f6e076d0536309cb70abd2f9d961a6e24a66c04b23926880f602bd12f8f75?s=96&d=mm&r=g","url":"https:\/\/secure.gravatar.com\/avatar\/146f6e076d0536309cb70abd2f9d961a6e24a66c04b23926880f602bd12f8f75?s=96&d=mm&r=g","contentUrl":"https:\/\/secure.gravatar.com\/avatar\/146f6e076d0536309cb70abd2f9d961a6e24a66c04b23926880f602bd12f8f75?s=96&d=mm&r=g","caption":"Angelo Impedovo"},"sameAs":["https:\/\/x.com\/aimpedovo"]}]}},"_links":{"self":[{"href":"https:\/\/www.divella.it\/it\/wp-json\/wp\/v2\/posts\/5720","targetHints":{"allow":["GET"]}}],"collection":[{"href":"https:\/\/www.divella.it\/it\/wp-json\/wp\/v2\/posts"}],"about":[{"href":"https:\/\/www.divella.it\/it\/wp-json\/wp\/v2\/types\/post"}],"author":[{"embeddable":true,"href":"https:\/\/www.divella.it\/it\/wp-json\/wp\/v2\/users\/2"}],"replies":[{"embeddable":true,"href":"https:\/\/www.divella.it\/it\/wp-json\/wp\/v2\/comments?post=5720"}],"version-history":[{"count":4,"href":"https:\/\/www.divella.it\/it\/wp-json\/wp\/v2\/posts\/5720\/revisions"}],"predecessor-version":[{"id":5760,"href":"https:\/\/www.divella.it\/it\/wp-json\/wp\/v2\/posts\/5720\/revisions\/5760"}],"wp:featuredmedia":[{"embeddable":true,"href":"https:\/\/www.divella.it\/it\/wp-json\/wp\/v2\/media\/5716"}],"wp:attachment":[{"href":"https:\/\/www.divella.it\/it\/wp-json\/wp\/v2\/media?parent=5720"}],"wp:term":[{"taxonomy":"category","embeddable":true,"href":"https:\/\/www.divella.it\/it\/wp-json\/wp\/v2\/categories?post=5720"},{"taxonomy":"post_tag","embeddable":true,"href":"https:\/\/www.divella.it\/it\/wp-json\/wp\/v2\/tags?post=5720"}],"curies":[{"name":"wp","href":"https:\/\/api.w.org\/{rel}","templated":true}]}}