{"id":5658,"date":"2019-06-07T09:14:05","date_gmt":"2019-06-07T07:14:05","guid":{"rendered":"https:\/\/www.divella.it\/?p=5658"},"modified":"2024-01-02T12:27:25","modified_gmt":"2024-01-02T11:27:25","slug":"lambasciatore-ceco-incontra-gli-imprenditori-locali-nel-pastificio-divella","status":"publish","type":"post","link":"https:\/\/www.divella.it\/it\/news\/lambasciatore-ceco-incontra-gli-imprenditori-locali-nel-pastificio-divella\/","title":{"rendered":"L&#8217;ambasciatore ceco incontra gli imprenditori locali nel pastificio divella"},"content":{"rendered":"<div class=\"wpb-content-wrapper\"><p>[vc_row][vc_column][vc_empty_space][\/vc_column][\/vc_row][vc_row][vc_column][vc_column_text]<\/p>\n<section class=\"articleText\">Ieri l\u00b4Ambasciatore della Repubblica Ceca, S.E. Hana Hub\u00e1\u010dkov\u00e1, nell\u2019ambito di una visita ufficiale in Puglia, ha incontrato una importante delegazione del mondo industriale locale. L\u2019evento si \u00e8 svolto nella sede del\u00a0<strong>Pastificio Divella di Rutigliano. La delegazione\u00a0\u00e8 stata accolta da Francesco Divella<\/strong>\u00a0in rappresentanza delle aziende di Confindustria Bari e Bat<strong>.\u00a0<\/strong>Alla riunione, svoltasi nel pomeriggio, ha preso parte, oltre allo staff dell\u2019Ambasciata, anche una delegazione composta da aziende associate, rappresentanti del mondo economico e diplomatico.La visita al pastificio ha riscosso interesse e curiosit\u00e0 e si \u00e8 svolta in un clima di grande cordialit\u00e0. Durante i lavori sono state analizzate le opportunit\u00e0 economiche di reciproco interesse, esprimendo la volont\u00e0 di incrementare la collaborazione e l\u2019interscambio tra le aziende baresi e la Repubblica Ceca.<\/section>\n<p>[\/vc_column_text][\/vc_column][\/vc_row][vc_row][vc_column][vc_empty_space][\/vc_column][\/vc_row]<\/p>\n<\/div>","protected":false},"excerpt":{"rendered":"<p>[vc_row][vc_column][vc_empty_space][\/vc_column][\/vc_row][vc_row][vc_column][vc_column_text] Ieri l\u00b4Ambasciatore della Repubblica Ceca, S.E. Hana Hub\u00e1\u010dkov\u00e1, nell\u2019ambito di una visita ufficiale in Puglia, ha incontrato una importante delegazione del mondo industriale locale. L\u2019evento si \u00e8 svolto nella sede del\u00a0Pastificio Divella di Rutigliano. La delegazione\u00a0\u00e8 stata accolta da Francesco Divella\u00a0in rappresentanza delle aziende di Confindustria Bari e Bat.\u00a0Alla riunione, svoltasi nel pomeriggio, ha [&hellip;]<\/p>\n","protected":false},"author":7,"featured_media":5659,"comment_status":"closed","ping_status":"open","sticky":false,"template":"","format":"standard","meta":{"inline_featured_image":false,"footnotes":""},"categories":[1],"tags":[],"class_list":["post-5658","post","type-post","status-publish","format-standard","has-post-thumbnail","hentry","category-news"],"yoast_head":"<!-- This site is optimized with the Yoast SEO plugin v27.4 - https:\/\/yoast.com\/product\/yoast-seo-wordpress\/ -->\n<title>L&#039;ambasciatore ceco incontra gli imprenditori locali nel pastificio divella - Divella<\/title>\n<meta name=\"robots\" content=\"index, follow, max-snippet:-1, max-image-preview:large, max-video-preview:-1\" \/>\n<link rel=\"canonical\" href=\"https:\/\/www.divella.it\/it\/news\/lambasciatore-ceco-incontra-gli-imprenditori-locali-nel-pastificio-divella\/\" \/>\n<meta property=\"og:locale\" content=\"it_IT\" \/>\n<meta property=\"og:type\" content=\"article\" \/>\n<meta property=\"og:title\" content=\"L&#039;ambasciatore ceco incontra gli imprenditori locali nel pastificio divella - Divella\" \/>\n<meta property=\"og:description\" content=\"[vc_row][vc_column][vc_empty_space][\/vc_column][\/vc_row][vc_row][vc_column][vc_column_text] Ieri l\u00b4Ambasciatore della Repubblica Ceca, S.E. Hana Hub\u00e1\u010dkov\u00e1, nell\u2019ambito di una visita ufficiale in Puglia, ha incontrato una importante delegazione del mondo industriale locale. L\u2019evento si \u00e8 svolto nella sede del\u00a0Pastificio Divella di Rutigliano. La delegazione\u00a0\u00e8 stata accolta da Francesco Divella\u00a0in rappresentanza delle aziende di Confindustria Bari e Bat.\u00a0Alla riunione, svoltasi nel pomeriggio, ha [&hellip;]\" \/>\n<meta property=\"og:url\" content=\"https:\/\/www.divella.it\/it\/news\/lambasciatore-ceco-incontra-gli-imprenditori-locali-nel-pastificio-divella\/\" \/>\n<meta property=\"og:site_name\" content=\"Divella\" \/>\n<meta property=\"article:publisher\" content=\"https:\/\/www.facebook.com\/Divella.IT\/\" \/>\n<meta property=\"article:published_time\" content=\"2019-06-07T07:14:05+00:00\" \/>\n<meta property=\"article:modified_time\" content=\"2024-01-02T11:27:25+00:00\" \/>\n<meta property=\"og:image\" content=\"https:\/\/www.divella.it\/wp-content\/uploads\/2022\/12\/lambasciatore-ceco-incontra-gli-imprenditori-locali-nel-pastificio-divella.jpg\" \/>\n\t<meta property=\"og:image:width\" content=\"1920\" \/>\n\t<meta property=\"og:image:height\" content=\"600\" \/>\n\t<meta property=\"og:image:type\" content=\"image\/jpeg\" \/>\n<meta name=\"author\" content=\"valeria\" \/>\n<meta name=\"twitter:card\" content=\"summary_large_image\" \/>\n<meta name=\"twitter:creator\" content=\"@aimpedovo\" \/>\n<meta name=\"twitter:site\" content=\"@divellaofficial\" \/>\n<meta name=\"twitter:label1\" content=\"Scritto da\" \/>\n\t<meta name=\"twitter:data1\" content=\"valeria\" \/>\n\t<meta name=\"twitter:label2\" content=\"Tempo di lettura stimato\" \/>\n\t<meta name=\"twitter:data2\" content=\"1 minuto\" \/>\n<script type=\"application\/ld+json\" class=\"yoast-schema-graph\">{\"@context\":\"https:\\\/\\\/schema.org\",\"@graph\":[{\"@type\":\"Article\",\"@id\":\"https:\\\/\\\/www.divella.it\\\/it\\\/news\\\/lambasciatore-ceco-incontra-gli-imprenditori-locali-nel-pastificio-divella\\\/#article\",\"isPartOf\":{\"@id\":\"https:\\\/\\\/www.divella.it\\\/it\\\/news\\\/lambasciatore-ceco-incontra-gli-imprenditori-locali-nel-pastificio-divella\\\/\"},\"author\":{\"name\":\"valeria\",\"@id\":\"https:\\\/\\\/www.divella.it\\\/it\\\/#\\\/schema\\\/person\\\/ad6166f3364fc182b914e1f4e375fa2f\"},\"headline\":\"L&#8217;ambasciatore ceco incontra gli imprenditori locali nel pastificio divella\",\"datePublished\":\"2019-06-07T07:14:05+00:00\",\"dateModified\":\"2024-01-02T11:27:25+00:00\",\"mainEntityOfPage\":{\"@id\":\"https:\\\/\\\/www.divella.it\\\/it\\\/news\\\/lambasciatore-ceco-incontra-gli-imprenditori-locali-nel-pastificio-divella\\\/\"},\"wordCount\":175,\"publisher\":{\"@id\":\"https:\\\/\\\/www.divella.it\\\/it\\\/#organization\"},\"image\":{\"@id\":\"https:\\\/\\\/www.divella.it\\\/it\\\/news\\\/lambasciatore-ceco-incontra-gli-imprenditori-locali-nel-pastificio-divella\\\/#primaryimage\"},\"thumbnailUrl\":\"https:\\\/\\\/www.divella.it\\\/wp-content\\\/uploads\\\/2022\\\/12\\\/lambasciatore-ceco-incontra-gli-imprenditori-locali-nel-pastificio-divella.jpg\",\"articleSection\":[\"News\"],\"inLanguage\":\"it-IT\"},{\"@type\":\"WebPage\",\"@id\":\"https:\\\/\\\/www.divella.it\\\/it\\\/news\\\/lambasciatore-ceco-incontra-gli-imprenditori-locali-nel-pastificio-divella\\\/\",\"url\":\"https:\\\/\\\/www.divella.it\\\/it\\\/news\\\/lambasciatore-ceco-incontra-gli-imprenditori-locali-nel-pastificio-divella\\\/\",\"name\":\"L'ambasciatore ceco incontra gli imprenditori locali nel pastificio divella - Divella\",\"isPartOf\":{\"@id\":\"https:\\\/\\\/www.divella.it\\\/it\\\/#website\"},\"primaryImageOfPage\":{\"@id\":\"https:\\\/\\\/www.divella.it\\\/it\\\/news\\\/lambasciatore-ceco-incontra-gli-imprenditori-locali-nel-pastificio-divella\\\/#primaryimage\"},\"image\":{\"@id\":\"https:\\\/\\\/www.divella.it\\\/it\\\/news\\\/lambasciatore-ceco-incontra-gli-imprenditori-locali-nel-pastificio-divella\\\/#primaryimage\"},\"thumbnailUrl\":\"https:\\\/\\\/www.divella.it\\\/wp-content\\\/uploads\\\/2022\\\/12\\\/lambasciatore-ceco-incontra-gli-imprenditori-locali-nel-pastificio-divella.jpg\",\"datePublished\":\"2019-06-07T07:14:05+00:00\",\"dateModified\":\"2024-01-02T11:27:25+00:00\",\"breadcrumb\":{\"@id\":\"https:\\\/\\\/www.divella.it\\\/it\\\/news\\\/lambasciatore-ceco-incontra-gli-imprenditori-locali-nel-pastificio-divella\\\/#breadcrumb\"},\"inLanguage\":\"it-IT\",\"potentialAction\":[{\"@type\":\"ReadAction\",\"target\":[\"https:\\\/\\\/www.divella.it\\\/it\\\/news\\\/lambasciatore-ceco-incontra-gli-imprenditori-locali-nel-pastificio-divella\\\/\"]}]},{\"@type\":\"ImageObject\",\"inLanguage\":\"it-IT\",\"@id\":\"https:\\\/\\\/www.divella.it\\\/it\\\/news\\\/lambasciatore-ceco-incontra-gli-imprenditori-locali-nel-pastificio-divella\\\/#primaryimage\",\"url\":\"https:\\\/\\\/www.divella.it\\\/wp-content\\\/uploads\\\/2022\\\/12\\\/lambasciatore-ceco-incontra-gli-imprenditori-locali-nel-pastificio-divella.jpg\",\"contentUrl\":\"https:\\\/\\\/www.divella.it\\\/wp-content\\\/uploads\\\/2022\\\/12\\\/lambasciatore-ceco-incontra-gli-imprenditori-locali-nel-pastificio-divella.jpg\",\"width\":1920,\"height\":600},{\"@type\":\"BreadcrumbList\",\"@id\":\"https:\\\/\\\/www.divella.it\\\/it\\\/news\\\/lambasciatore-ceco-incontra-gli-imprenditori-locali-nel-pastificio-divella\\\/#breadcrumb\",\"itemListElement\":[{\"@type\":\"ListItem\",\"position\":1,\"name\":\"Home\",\"item\":\"https:\\\/\\\/www.divella.it\\\/it\\\/\"},{\"@type\":\"ListItem\",\"position\":2,\"name\":\"L&#8217;ambasciatore ceco incontra gli imprenditori locali nel pastificio divella\"}]},{\"@type\":\"WebSite\",\"@id\":\"https:\\\/\\\/www.divella.it\\\/it\\\/#website\",\"url\":\"https:\\\/\\\/www.divella.it\\\/it\\\/\",\"name\":\"Divella\",\"description\":\"\",\"publisher\":{\"@id\":\"https:\\\/\\\/www.divella.it\\\/it\\\/#organization\"},\"potentialAction\":[{\"@type\":\"SearchAction\",\"target\":{\"@type\":\"EntryPoint\",\"urlTemplate\":\"https:\\\/\\\/www.divella.it\\\/it\\\/?s={search_term_string}\"},\"query-input\":{\"@type\":\"PropertyValueSpecification\",\"valueRequired\":true,\"valueName\":\"search_term_string\"}}],\"inLanguage\":\"it-IT\"},{\"@type\":\"Organization\",\"@id\":\"https:\\\/\\\/www.divella.it\\\/it\\\/#organization\",\"name\":\"Divella\",\"url\":\"https:\\\/\\\/www.divella.it\\\/it\\\/\",\"logo\":{\"@type\":\"ImageObject\",\"inLanguage\":\"it-IT\",\"@id\":\"https:\\\/\\\/www.divella.it\\\/it\\\/#\\\/schema\\\/logo\\\/image\\\/\",\"url\":\"https:\\\/\\\/www.divella.it\\\/wp-content\\\/uploads\\\/2023\\\/01\\\/logo-divella.jpg\",\"contentUrl\":\"https:\\\/\\\/www.divella.it\\\/wp-content\\\/uploads\\\/2023\\\/01\\\/logo-divella.jpg\",\"width\":200,\"height\":151,\"caption\":\"Divella\"},\"image\":{\"@id\":\"https:\\\/\\\/www.divella.it\\\/it\\\/#\\\/schema\\\/logo\\\/image\\\/\"},\"sameAs\":[\"https:\\\/\\\/www.facebook.com\\\/Divella.IT\\\/\",\"https:\\\/\\\/x.com\\\/divellaofficial\",\"https:\\\/\\\/www.youtube.com\\\/channel\\\/UCfw9Jp-BYRM0T9qWR7RQK7A\",\"https:\\\/\\\/www.instagram.com\\\/divellaofficial\\\/?hl=it\",\"https:\\\/\\\/www.linkedin.com\\\/company\\\/f.-divella-spa\\\/?originalSubdomain=it\"]},{\"@type\":\"Person\",\"@id\":\"https:\\\/\\\/www.divella.it\\\/it\\\/#\\\/schema\\\/person\\\/ad6166f3364fc182b914e1f4e375fa2f\",\"name\":\"valeria\",\"image\":{\"@type\":\"ImageObject\",\"inLanguage\":\"it-IT\",\"@id\":\"https:\\\/\\\/secure.gravatar.com\\\/avatar\\\/a4d4a02dbd3f958fd263a3d0cd1228e83c70f5fe701cc604b4750b12c8bf483c?s=96&d=mm&r=g\",\"url\":\"https:\\\/\\\/secure.gravatar.com\\\/avatar\\\/a4d4a02dbd3f958fd263a3d0cd1228e83c70f5fe701cc604b4750b12c8bf483c?s=96&d=mm&r=g\",\"contentUrl\":\"https:\\\/\\\/secure.gravatar.com\\\/avatar\\\/a4d4a02dbd3f958fd263a3d0cd1228e83c70f5fe701cc604b4750b12c8bf483c?s=96&d=mm&r=g\",\"caption\":\"valeria\"},\"sameAs\":[\"https:\\\/\\\/x.com\\\/aimpedovo\"]}]}<\/script>\n<!-- \/ Yoast SEO plugin. -->","yoast_head_json":{"title":"L'ambasciatore ceco incontra gli imprenditori locali nel pastificio divella - Divella","robots":{"index":"index","follow":"follow","max-snippet":"max-snippet:-1","max-image-preview":"max-image-preview:large","max-video-preview":"max-video-preview:-1"},"canonical":"https:\/\/www.divella.it\/it\/news\/lambasciatore-ceco-incontra-gli-imprenditori-locali-nel-pastificio-divella\/","og_locale":"it_IT","og_type":"article","og_title":"L'ambasciatore ceco incontra gli imprenditori locali nel pastificio divella - Divella","og_description":"[vc_row][vc_column][vc_empty_space][\/vc_column][\/vc_row][vc_row][vc_column][vc_column_text] Ieri l\u00b4Ambasciatore della Repubblica Ceca, S.E. Hana Hub\u00e1\u010dkov\u00e1, nell\u2019ambito di una visita ufficiale in Puglia, ha incontrato una importante delegazione del mondo industriale locale. L\u2019evento si \u00e8 svolto nella sede del\u00a0Pastificio Divella di Rutigliano. La delegazione\u00a0\u00e8 stata accolta da Francesco Divella\u00a0in rappresentanza delle aziende di Confindustria Bari e Bat.\u00a0Alla riunione, svoltasi nel pomeriggio, ha [&hellip;]","og_url":"https:\/\/www.divella.it\/it\/news\/lambasciatore-ceco-incontra-gli-imprenditori-locali-nel-pastificio-divella\/","og_site_name":"Divella","article_publisher":"https:\/\/www.facebook.com\/Divella.IT\/","article_published_time":"2019-06-07T07:14:05+00:00","article_modified_time":"2024-01-02T11:27:25+00:00","og_image":[{"width":1920,"height":600,"url":"https:\/\/www.divella.it\/wp-content\/uploads\/2022\/12\/lambasciatore-ceco-incontra-gli-imprenditori-locali-nel-pastificio-divella.jpg","type":"image\/jpeg"}],"author":"valeria","twitter_card":"summary_large_image","twitter_creator":"@aimpedovo","twitter_site":"@divellaofficial","twitter_misc":{"Scritto da":"valeria","Tempo di lettura stimato":"1 minuto"},"schema":{"@context":"https:\/\/schema.org","@graph":[{"@type":"Article","@id":"https:\/\/www.divella.it\/it\/news\/lambasciatore-ceco-incontra-gli-imprenditori-locali-nel-pastificio-divella\/#article","isPartOf":{"@id":"https:\/\/www.divella.it\/it\/news\/lambasciatore-ceco-incontra-gli-imprenditori-locali-nel-pastificio-divella\/"},"author":{"name":"valeria","@id":"https:\/\/www.divella.it\/it\/#\/schema\/person\/ad6166f3364fc182b914e1f4e375fa2f"},"headline":"L&#8217;ambasciatore ceco incontra gli imprenditori locali nel pastificio divella","datePublished":"2019-06-07T07:14:05+00:00","dateModified":"2024-01-02T11:27:25+00:00","mainEntityOfPage":{"@id":"https:\/\/www.divella.it\/it\/news\/lambasciatore-ceco-incontra-gli-imprenditori-locali-nel-pastificio-divella\/"},"wordCount":175,"publisher":{"@id":"https:\/\/www.divella.it\/it\/#organization"},"image":{"@id":"https:\/\/www.divella.it\/it\/news\/lambasciatore-ceco-incontra-gli-imprenditori-locali-nel-pastificio-divella\/#primaryimage"},"thumbnailUrl":"https:\/\/www.divella.it\/wp-content\/uploads\/2022\/12\/lambasciatore-ceco-incontra-gli-imprenditori-locali-nel-pastificio-divella.jpg","articleSection":["News"],"inLanguage":"it-IT"},{"@type":"WebPage","@id":"https:\/\/www.divella.it\/it\/news\/lambasciatore-ceco-incontra-gli-imprenditori-locali-nel-pastificio-divella\/","url":"https:\/\/www.divella.it\/it\/news\/lambasciatore-ceco-incontra-gli-imprenditori-locali-nel-pastificio-divella\/","name":"L'ambasciatore ceco incontra gli imprenditori locali nel pastificio divella - Divella","isPartOf":{"@id":"https:\/\/www.divella.it\/it\/#website"},"primaryImageOfPage":{"@id":"https:\/\/www.divella.it\/it\/news\/lambasciatore-ceco-incontra-gli-imprenditori-locali-nel-pastificio-divella\/#primaryimage"},"image":{"@id":"https:\/\/www.divella.it\/it\/news\/lambasciatore-ceco-incontra-gli-imprenditori-locali-nel-pastificio-divella\/#primaryimage"},"thumbnailUrl":"https:\/\/www.divella.it\/wp-content\/uploads\/2022\/12\/lambasciatore-ceco-incontra-gli-imprenditori-locali-nel-pastificio-divella.jpg","datePublished":"2019-06-07T07:14:05+00:00","dateModified":"2024-01-02T11:27:25+00:00","breadcrumb":{"@id":"https:\/\/www.divella.it\/it\/news\/lambasciatore-ceco-incontra-gli-imprenditori-locali-nel-pastificio-divella\/#breadcrumb"},"inLanguage":"it-IT","potentialAction":[{"@type":"ReadAction","target":["https:\/\/www.divella.it\/it\/news\/lambasciatore-ceco-incontra-gli-imprenditori-locali-nel-pastificio-divella\/"]}]},{"@type":"ImageObject","inLanguage":"it-IT","@id":"https:\/\/www.divella.it\/it\/news\/lambasciatore-ceco-incontra-gli-imprenditori-locali-nel-pastificio-divella\/#primaryimage","url":"https:\/\/www.divella.it\/wp-content\/uploads\/2022\/12\/lambasciatore-ceco-incontra-gli-imprenditori-locali-nel-pastificio-divella.jpg","contentUrl":"https:\/\/www.divella.it\/wp-content\/uploads\/2022\/12\/lambasciatore-ceco-incontra-gli-imprenditori-locali-nel-pastificio-divella.jpg","width":1920,"height":600},{"@type":"BreadcrumbList","@id":"https:\/\/www.divella.it\/it\/news\/lambasciatore-ceco-incontra-gli-imprenditori-locali-nel-pastificio-divella\/#breadcrumb","itemListElement":[{"@type":"ListItem","position":1,"name":"Home","item":"https:\/\/www.divella.it\/it\/"},{"@type":"ListItem","position":2,"name":"L&#8217;ambasciatore ceco incontra gli imprenditori locali nel pastificio divella"}]},{"@type":"WebSite","@id":"https:\/\/www.divella.it\/it\/#website","url":"https:\/\/www.divella.it\/it\/","name":"Divella","description":"","publisher":{"@id":"https:\/\/www.divella.it\/it\/#organization"},"potentialAction":[{"@type":"SearchAction","target":{"@type":"EntryPoint","urlTemplate":"https:\/\/www.divella.it\/it\/?s={search_term_string}"},"query-input":{"@type":"PropertyValueSpecification","valueRequired":true,"valueName":"search_term_string"}}],"inLanguage":"it-IT"},{"@type":"Organization","@id":"https:\/\/www.divella.it\/it\/#organization","name":"Divella","url":"https:\/\/www.divella.it\/it\/","logo":{"@type":"ImageObject","inLanguage":"it-IT","@id":"https:\/\/www.divella.it\/it\/#\/schema\/logo\/image\/","url":"https:\/\/www.divella.it\/wp-content\/uploads\/2023\/01\/logo-divella.jpg","contentUrl":"https:\/\/www.divella.it\/wp-content\/uploads\/2023\/01\/logo-divella.jpg","width":200,"height":151,"caption":"Divella"},"image":{"@id":"https:\/\/www.divella.it\/it\/#\/schema\/logo\/image\/"},"sameAs":["https:\/\/www.facebook.com\/Divella.IT\/","https:\/\/x.com\/divellaofficial","https:\/\/www.youtube.com\/channel\/UCfw9Jp-BYRM0T9qWR7RQK7A","https:\/\/www.instagram.com\/divellaofficial\/?hl=it","https:\/\/www.linkedin.com\/company\/f.-divella-spa\/?originalSubdomain=it"]},{"@type":"Person","@id":"https:\/\/www.divella.it\/it\/#\/schema\/person\/ad6166f3364fc182b914e1f4e375fa2f","name":"valeria","image":{"@type":"ImageObject","inLanguage":"it-IT","@id":"https:\/\/secure.gravatar.com\/avatar\/a4d4a02dbd3f958fd263a3d0cd1228e83c70f5fe701cc604b4750b12c8bf483c?s=96&d=mm&r=g","url":"https:\/\/secure.gravatar.com\/avatar\/a4d4a02dbd3f958fd263a3d0cd1228e83c70f5fe701cc604b4750b12c8bf483c?s=96&d=mm&r=g","contentUrl":"https:\/\/secure.gravatar.com\/avatar\/a4d4a02dbd3f958fd263a3d0cd1228e83c70f5fe701cc604b4750b12c8bf483c?s=96&d=mm&r=g","caption":"valeria"},"sameAs":["https:\/\/x.com\/aimpedovo"]}]}},"_links":{"self":[{"href":"https:\/\/www.divella.it\/it\/wp-json\/wp\/v2\/posts\/5658","targetHints":{"allow":["GET"]}}],"collection":[{"href":"https:\/\/www.divella.it\/it\/wp-json\/wp\/v2\/posts"}],"about":[{"href":"https:\/\/www.divella.it\/it\/wp-json\/wp\/v2\/types\/post"}],"author":[{"embeddable":true,"href":"https:\/\/www.divella.it\/it\/wp-json\/wp\/v2\/users\/7"}],"replies":[{"embeddable":true,"href":"https:\/\/www.divella.it\/it\/wp-json\/wp\/v2\/comments?post=5658"}],"version-history":[{"count":2,"href":"https:\/\/www.divella.it\/it\/wp-json\/wp\/v2\/posts\/5658\/revisions"}],"predecessor-version":[{"id":5662,"href":"https:\/\/www.divella.it\/it\/wp-json\/wp\/v2\/posts\/5658\/revisions\/5662"}],"wp:featuredmedia":[{"embeddable":true,"href":"https:\/\/www.divella.it\/it\/wp-json\/wp\/v2\/media\/5659"}],"wp:attachment":[{"href":"https:\/\/www.divella.it\/it\/wp-json\/wp\/v2\/media?parent=5658"}],"wp:term":[{"taxonomy":"category","embeddable":true,"href":"https:\/\/www.divella.it\/it\/wp-json\/wp\/v2\/categories?post=5658"},{"taxonomy":"post_tag","embeddable":true,"href":"https:\/\/www.divella.it\/it\/wp-json\/wp\/v2\/tags?post=5658"}],"curies":[{"name":"wp","href":"https:\/\/api.w.org\/{rel}","templated":true}]}}