{"id":5465,"date":"2021-05-06T17:59:16","date_gmt":"2021-05-06T15:59:16","guid":{"rendered":"https:\/\/www.divella.it\/?p=5465"},"modified":"2024-01-02T12:26:28","modified_gmt":"2024-01-02T11:26:28","slug":"f-divella-spa-donazione-di-oltre-5-quintali-tra-pasta-e-biscotti","status":"publish","type":"post","link":"https:\/\/www.divella.it\/it\/news\/f-divella-spa-donazione-di-oltre-5-quintali-tra-pasta-e-biscotti\/","title":{"rendered":"F. Divella S.p.A.: donazione di oltre 5 quintali tra pasta e biscotti"},"content":{"rendered":"<div class=\"wpb-content-wrapper\"><p>[vc_row][vc_column][vc_empty_space][\/vc_column][\/vc_row][vc_row][vc_column][vc_column_text]F. Divella S.p.A. ed Esercito Italiano ancora una volta insieme in nome della solidariet\u00e0. Venerd\u00ec 7 maggio alle ore 10.00 in piazza dell\u2019Odegitria nel cuore di Bari vecchia, alla presenza del sindaco Antonio Decaro, avr\u00e0 luogo una donazione straordinaria di pasta e biscotti fortemente voluta da una delle aziende leader per la produzione di pasta nel mondo. Simbolica la data scelta per l\u2019evento. I generi alimentari saranno infatti donati in occasione di una delle giornate dedicate al patrono di Bari San Nicola, in onore dei festeggiamenti relativi alla sagra di maggio seppur in tono minore a causa della emergenza sanitaria tutt\u2019ora in corso. Questa manifestazione infatti anticiper\u00e0 l\u2019unico evento dedicato alla traslazione delle reliquie del santo in programma la sera alle 21.00 sul sagrato della Basilica. Determinante la collaborazione con l\u2019Esercito Italiano, in particolare con i militari della Brigata Pinerolo guidati dal Generale di Divisione Giovanni Gagliano. Per l\u2019occasione, cos\u00ec come gi\u00e0 accaduto nelle precedenti manifestazioni di solidariet\u00e0 sul territorio locale e nazionale, saranno messi a disposizione automezzi militari idonei al trasporto del materiale e personale che si occuper\u00e0 della consegna della merce. Pasta e biscotti per un totale di 5 quintali di merce saranno donati al parroco della Cattedrale nonch\u00e9 responsabile dell\u2019Ufficio diocesano per la Pastorale della famiglia monsignor Francesco Lanzolla oltre a numerose confezioni di taralli messe a disposizione dall\u2019azienda Il Grano D\u2019oro di Puglia. Parte della merce sar\u00e0 consegnata alle numerose famiglie in difficolt\u00e0 di Bari vecchia; la restante sar\u00e0 destinata alle scorte della mensa che quotidianamente gestisce monsignor Lanzolla. \u201cQuesto evento conferma l\u2019ormai solida cooperazione tra la Divella e l\u2019Esercito Italiano \u2013 sottolinea Fabio Divella responsabile divisione pasta F. Divella S.p.A. &#8211; in un contesto storico come quello che stiamo vivendo che dimostra quanto sia fondamentale la coesione per combattere un feroce nemico che continua purtroppo a nuocere vittime. La pandemia ha tolto la dignit\u00e0 a tante famiglie facendole piombare in una spirale di dolore, sofferenza e povert\u00e0. Il nostro compito \u00e8 cercare di sostenere questi nuclei familiari donando un sorriso e la speranza di un futuro decisamente migliore. Proviamo a riscaldare i cuori di grandi e piccini non solo con la pasta ma anche con i biscotti festeggiando insieme il nostro patrono\u201d.<br \/>\n\u201cAncora una volta &#8211; dichiara il sindaco di Bari Antonio Decaro &#8211; un\u2019azienda leader nel settore del nostro territorio \u00e8 stata capace di dedicare un\u2019attenzione speciale alle tante persone e famiglie in difficolt\u00e0, in un momento cos\u00ec complesso. Gesti come questo non solo dimostrano concretamente la vicinanza del mondo imprenditoriale pugliese alla propria terra ma rende la nostra comunit\u00e0 pi\u00f9 coesa e pi\u00f9 forte rispetto al futuro. Per questo da sindaco, e a nome dell\u2019amministrazione comunale, desidero ringraziare l\u2019azienda Divella, che in questo modo contribuisce ad alleviare le preoccupazioni di chi sta pagando un prezzo troppo alto in questo periodo, e l\u2019Esercito italiano, sempre pronto a tendere una mano al proprio Paese nelle situazioni pi\u00f9 difficili. Mi auguro che esempi di questo genere possano moltiplicarsi e generarne altri, in modo che coloro che hanno pi\u00f9 risorse le mettano a disposizione di chi ne ha meno\u201d.[\/vc_column_text][\/vc_column][\/vc_row][vc_row][vc_column][vc_empty_space][\/vc_column][\/vc_row]<\/p>\n<\/div>","protected":false},"excerpt":{"rendered":"<p>[vc_row][vc_column][vc_empty_space][\/vc_column][\/vc_row][vc_row][vc_column][vc_column_text]F. Divella S.p.A. ed Esercito Italiano ancora una volta insieme in nome della solidariet\u00e0. Venerd\u00ec 7 maggio alle ore 10.00 in piazza dell\u2019Odegitria nel cuore di Bari vecchia, alla presenza del sindaco Antonio Decaro, avr\u00e0 luogo una donazione straordinaria di pasta e biscotti fortemente voluta da una delle aziende leader per la produzione di pasta [&hellip;]<\/p>\n","protected":false},"author":7,"featured_media":6421,"comment_status":"closed","ping_status":"open","sticky":false,"template":"","format":"standard","meta":{"inline_featured_image":false,"footnotes":""},"categories":[1],"tags":[],"class_list":["post-5465","post","type-post","status-publish","format-standard","has-post-thumbnail","hentry","category-news"],"yoast_head":"<!-- This site is optimized with the Yoast SEO plugin v27.4 - https:\/\/yoast.com\/product\/yoast-seo-wordpress\/ -->\n<title>F. Divella S.p.A.: donazione di oltre 5 quintali tra pasta e biscotti - Divella<\/title>\n<meta name=\"robots\" content=\"index, follow, max-snippet:-1, max-image-preview:large, max-video-preview:-1\" \/>\n<link rel=\"canonical\" href=\"https:\/\/www.divella.it\/it\/news\/f-divella-spa-donazione-di-oltre-5-quintali-tra-pasta-e-biscotti\/\" \/>\n<meta property=\"og:locale\" content=\"it_IT\" \/>\n<meta property=\"og:type\" content=\"article\" \/>\n<meta property=\"og:title\" content=\"F. Divella S.p.A.: donazione di oltre 5 quintali tra pasta e biscotti - Divella\" \/>\n<meta property=\"og:description\" content=\"[vc_row][vc_column][vc_empty_space][\/vc_column][\/vc_row][vc_row][vc_column][vc_column_text]F. Divella S.p.A. ed Esercito Italiano ancora una volta insieme in nome della solidariet\u00e0. Venerd\u00ec 7 maggio alle ore 10.00 in piazza dell\u2019Odegitria nel cuore di Bari vecchia, alla presenza del sindaco Antonio Decaro, avr\u00e0 luogo una donazione straordinaria di pasta e biscotti fortemente voluta da una delle aziende leader per la produzione di pasta [&hellip;]\" \/>\n<meta property=\"og:url\" content=\"https:\/\/www.divella.it\/it\/news\/f-divella-spa-donazione-di-oltre-5-quintali-tra-pasta-e-biscotti\/\" \/>\n<meta property=\"og:site_name\" content=\"Divella\" \/>\n<meta property=\"article:publisher\" content=\"https:\/\/www.facebook.com\/Divella.IT\/\" \/>\n<meta property=\"article:published_time\" content=\"2021-05-06T15:59:16+00:00\" \/>\n<meta property=\"article:modified_time\" content=\"2024-01-02T11:26:28+00:00\" \/>\n<meta property=\"og:image\" content=\"https:\/\/www.divella.it\/wp-content\/uploads\/2021\/05\/donazione.png\" \/>\n\t<meta property=\"og:image:width\" content=\"1024\" \/>\n\t<meta property=\"og:image:height\" content=\"320\" \/>\n\t<meta property=\"og:image:type\" content=\"image\/png\" \/>\n<meta name=\"author\" content=\"valeria\" \/>\n<meta name=\"twitter:card\" content=\"summary_large_image\" \/>\n<meta name=\"twitter:creator\" content=\"@aimpedovo\" \/>\n<meta name=\"twitter:site\" content=\"@divellaofficial\" \/>\n<meta name=\"twitter:label1\" content=\"Scritto da\" \/>\n\t<meta name=\"twitter:data1\" content=\"valeria\" \/>\n\t<meta name=\"twitter:label2\" content=\"Tempo di lettura stimato\" \/>\n\t<meta name=\"twitter:data2\" content=\"3 minuti\" \/>\n<script type=\"application\/ld+json\" class=\"yoast-schema-graph\">{\"@context\":\"https:\\\/\\\/schema.org\",\"@graph\":[{\"@type\":\"Article\",\"@id\":\"https:\\\/\\\/www.divella.it\\\/it\\\/news\\\/f-divella-spa-donazione-di-oltre-5-quintali-tra-pasta-e-biscotti\\\/#article\",\"isPartOf\":{\"@id\":\"https:\\\/\\\/www.divella.it\\\/it\\\/news\\\/f-divella-spa-donazione-di-oltre-5-quintali-tra-pasta-e-biscotti\\\/\"},\"author\":{\"name\":\"valeria\",\"@id\":\"https:\\\/\\\/www.divella.it\\\/it\\\/#\\\/schema\\\/person\\\/ad6166f3364fc182b914e1f4e375fa2f\"},\"headline\":\"F. Divella S.p.A.: donazione di oltre 5 quintali tra pasta e biscotti\",\"datePublished\":\"2021-05-06T15:59:16+00:00\",\"dateModified\":\"2024-01-02T11:26:28+00:00\",\"mainEntityOfPage\":{\"@id\":\"https:\\\/\\\/www.divella.it\\\/it\\\/news\\\/f-divella-spa-donazione-di-oltre-5-quintali-tra-pasta-e-biscotti\\\/\"},\"wordCount\":574,\"publisher\":{\"@id\":\"https:\\\/\\\/www.divella.it\\\/it\\\/#organization\"},\"image\":{\"@id\":\"https:\\\/\\\/www.divella.it\\\/it\\\/news\\\/f-divella-spa-donazione-di-oltre-5-quintali-tra-pasta-e-biscotti\\\/#primaryimage\"},\"thumbnailUrl\":\"https:\\\/\\\/www.divella.it\\\/wp-content\\\/uploads\\\/2021\\\/05\\\/donazione.png\",\"articleSection\":[\"News\"],\"inLanguage\":\"it-IT\"},{\"@type\":\"WebPage\",\"@id\":\"https:\\\/\\\/www.divella.it\\\/it\\\/news\\\/f-divella-spa-donazione-di-oltre-5-quintali-tra-pasta-e-biscotti\\\/\",\"url\":\"https:\\\/\\\/www.divella.it\\\/it\\\/news\\\/f-divella-spa-donazione-di-oltre-5-quintali-tra-pasta-e-biscotti\\\/\",\"name\":\"F. Divella S.p.A.: donazione di oltre 5 quintali tra pasta e biscotti - Divella\",\"isPartOf\":{\"@id\":\"https:\\\/\\\/www.divella.it\\\/it\\\/#website\"},\"primaryImageOfPage\":{\"@id\":\"https:\\\/\\\/www.divella.it\\\/it\\\/news\\\/f-divella-spa-donazione-di-oltre-5-quintali-tra-pasta-e-biscotti\\\/#primaryimage\"},\"image\":{\"@id\":\"https:\\\/\\\/www.divella.it\\\/it\\\/news\\\/f-divella-spa-donazione-di-oltre-5-quintali-tra-pasta-e-biscotti\\\/#primaryimage\"},\"thumbnailUrl\":\"https:\\\/\\\/www.divella.it\\\/wp-content\\\/uploads\\\/2021\\\/05\\\/donazione.png\",\"datePublished\":\"2021-05-06T15:59:16+00:00\",\"dateModified\":\"2024-01-02T11:26:28+00:00\",\"breadcrumb\":{\"@id\":\"https:\\\/\\\/www.divella.it\\\/it\\\/news\\\/f-divella-spa-donazione-di-oltre-5-quintali-tra-pasta-e-biscotti\\\/#breadcrumb\"},\"inLanguage\":\"it-IT\",\"potentialAction\":[{\"@type\":\"ReadAction\",\"target\":[\"https:\\\/\\\/www.divella.it\\\/it\\\/news\\\/f-divella-spa-donazione-di-oltre-5-quintali-tra-pasta-e-biscotti\\\/\"]}]},{\"@type\":\"ImageObject\",\"inLanguage\":\"it-IT\",\"@id\":\"https:\\\/\\\/www.divella.it\\\/it\\\/news\\\/f-divella-spa-donazione-di-oltre-5-quintali-tra-pasta-e-biscotti\\\/#primaryimage\",\"url\":\"https:\\\/\\\/www.divella.it\\\/wp-content\\\/uploads\\\/2021\\\/05\\\/donazione.png\",\"contentUrl\":\"https:\\\/\\\/www.divella.it\\\/wp-content\\\/uploads\\\/2021\\\/05\\\/donazione.png\",\"width\":1024,\"height\":320},{\"@type\":\"BreadcrumbList\",\"@id\":\"https:\\\/\\\/www.divella.it\\\/it\\\/news\\\/f-divella-spa-donazione-di-oltre-5-quintali-tra-pasta-e-biscotti\\\/#breadcrumb\",\"itemListElement\":[{\"@type\":\"ListItem\",\"position\":1,\"name\":\"Home\",\"item\":\"https:\\\/\\\/www.divella.it\\\/it\\\/\"},{\"@type\":\"ListItem\",\"position\":2,\"name\":\"F. Divella S.p.A.: donazione di oltre 5 quintali tra pasta e biscotti\"}]},{\"@type\":\"WebSite\",\"@id\":\"https:\\\/\\\/www.divella.it\\\/it\\\/#website\",\"url\":\"https:\\\/\\\/www.divella.it\\\/it\\\/\",\"name\":\"Divella\",\"description\":\"\",\"publisher\":{\"@id\":\"https:\\\/\\\/www.divella.it\\\/it\\\/#organization\"},\"potentialAction\":[{\"@type\":\"SearchAction\",\"target\":{\"@type\":\"EntryPoint\",\"urlTemplate\":\"https:\\\/\\\/www.divella.it\\\/it\\\/?s={search_term_string}\"},\"query-input\":{\"@type\":\"PropertyValueSpecification\",\"valueRequired\":true,\"valueName\":\"search_term_string\"}}],\"inLanguage\":\"it-IT\"},{\"@type\":\"Organization\",\"@id\":\"https:\\\/\\\/www.divella.it\\\/it\\\/#organization\",\"name\":\"Divella\",\"url\":\"https:\\\/\\\/www.divella.it\\\/it\\\/\",\"logo\":{\"@type\":\"ImageObject\",\"inLanguage\":\"it-IT\",\"@id\":\"https:\\\/\\\/www.divella.it\\\/it\\\/#\\\/schema\\\/logo\\\/image\\\/\",\"url\":\"https:\\\/\\\/www.divella.it\\\/wp-content\\\/uploads\\\/2023\\\/01\\\/logo-divella.jpg\",\"contentUrl\":\"https:\\\/\\\/www.divella.it\\\/wp-content\\\/uploads\\\/2023\\\/01\\\/logo-divella.jpg\",\"width\":200,\"height\":151,\"caption\":\"Divella\"},\"image\":{\"@id\":\"https:\\\/\\\/www.divella.it\\\/it\\\/#\\\/schema\\\/logo\\\/image\\\/\"},\"sameAs\":[\"https:\\\/\\\/www.facebook.com\\\/Divella.IT\\\/\",\"https:\\\/\\\/x.com\\\/divellaofficial\",\"https:\\\/\\\/www.youtube.com\\\/channel\\\/UCfw9Jp-BYRM0T9qWR7RQK7A\",\"https:\\\/\\\/www.instagram.com\\\/divellaofficial\\\/?hl=it\",\"https:\\\/\\\/www.linkedin.com\\\/company\\\/f.-divella-spa\\\/?originalSubdomain=it\"]},{\"@type\":\"Person\",\"@id\":\"https:\\\/\\\/www.divella.it\\\/it\\\/#\\\/schema\\\/person\\\/ad6166f3364fc182b914e1f4e375fa2f\",\"name\":\"valeria\",\"image\":{\"@type\":\"ImageObject\",\"inLanguage\":\"it-IT\",\"@id\":\"https:\\\/\\\/secure.gravatar.com\\\/avatar\\\/a4d4a02dbd3f958fd263a3d0cd1228e83c70f5fe701cc604b4750b12c8bf483c?s=96&d=mm&r=g\",\"url\":\"https:\\\/\\\/secure.gravatar.com\\\/avatar\\\/a4d4a02dbd3f958fd263a3d0cd1228e83c70f5fe701cc604b4750b12c8bf483c?s=96&d=mm&r=g\",\"contentUrl\":\"https:\\\/\\\/secure.gravatar.com\\\/avatar\\\/a4d4a02dbd3f958fd263a3d0cd1228e83c70f5fe701cc604b4750b12c8bf483c?s=96&d=mm&r=g\",\"caption\":\"valeria\"},\"sameAs\":[\"https:\\\/\\\/x.com\\\/aimpedovo\"]}]}<\/script>\n<!-- \/ Yoast SEO plugin. -->","yoast_head_json":{"title":"F. Divella S.p.A.: donazione di oltre 5 quintali tra pasta e biscotti - Divella","robots":{"index":"index","follow":"follow","max-snippet":"max-snippet:-1","max-image-preview":"max-image-preview:large","max-video-preview":"max-video-preview:-1"},"canonical":"https:\/\/www.divella.it\/it\/news\/f-divella-spa-donazione-di-oltre-5-quintali-tra-pasta-e-biscotti\/","og_locale":"it_IT","og_type":"article","og_title":"F. Divella S.p.A.: donazione di oltre 5 quintali tra pasta e biscotti - Divella","og_description":"[vc_row][vc_column][vc_empty_space][\/vc_column][\/vc_row][vc_row][vc_column][vc_column_text]F. Divella S.p.A. ed Esercito Italiano ancora una volta insieme in nome della solidariet\u00e0. Venerd\u00ec 7 maggio alle ore 10.00 in piazza dell\u2019Odegitria nel cuore di Bari vecchia, alla presenza del sindaco Antonio Decaro, avr\u00e0 luogo una donazione straordinaria di pasta e biscotti fortemente voluta da una delle aziende leader per la produzione di pasta [&hellip;]","og_url":"https:\/\/www.divella.it\/it\/news\/f-divella-spa-donazione-di-oltre-5-quintali-tra-pasta-e-biscotti\/","og_site_name":"Divella","article_publisher":"https:\/\/www.facebook.com\/Divella.IT\/","article_published_time":"2021-05-06T15:59:16+00:00","article_modified_time":"2024-01-02T11:26:28+00:00","og_image":[{"width":1024,"height":320,"url":"https:\/\/www.divella.it\/wp-content\/uploads\/2021\/05\/donazione.png","type":"image\/png"}],"author":"valeria","twitter_card":"summary_large_image","twitter_creator":"@aimpedovo","twitter_site":"@divellaofficial","twitter_misc":{"Scritto da":"valeria","Tempo di lettura stimato":"3 minuti"},"schema":{"@context":"https:\/\/schema.org","@graph":[{"@type":"Article","@id":"https:\/\/www.divella.it\/it\/news\/f-divella-spa-donazione-di-oltre-5-quintali-tra-pasta-e-biscotti\/#article","isPartOf":{"@id":"https:\/\/www.divella.it\/it\/news\/f-divella-spa-donazione-di-oltre-5-quintali-tra-pasta-e-biscotti\/"},"author":{"name":"valeria","@id":"https:\/\/www.divella.it\/it\/#\/schema\/person\/ad6166f3364fc182b914e1f4e375fa2f"},"headline":"F. Divella S.p.A.: donazione di oltre 5 quintali tra pasta e biscotti","datePublished":"2021-05-06T15:59:16+00:00","dateModified":"2024-01-02T11:26:28+00:00","mainEntityOfPage":{"@id":"https:\/\/www.divella.it\/it\/news\/f-divella-spa-donazione-di-oltre-5-quintali-tra-pasta-e-biscotti\/"},"wordCount":574,"publisher":{"@id":"https:\/\/www.divella.it\/it\/#organization"},"image":{"@id":"https:\/\/www.divella.it\/it\/news\/f-divella-spa-donazione-di-oltre-5-quintali-tra-pasta-e-biscotti\/#primaryimage"},"thumbnailUrl":"https:\/\/www.divella.it\/wp-content\/uploads\/2021\/05\/donazione.png","articleSection":["News"],"inLanguage":"it-IT"},{"@type":"WebPage","@id":"https:\/\/www.divella.it\/it\/news\/f-divella-spa-donazione-di-oltre-5-quintali-tra-pasta-e-biscotti\/","url":"https:\/\/www.divella.it\/it\/news\/f-divella-spa-donazione-di-oltre-5-quintali-tra-pasta-e-biscotti\/","name":"F. Divella S.p.A.: donazione di oltre 5 quintali tra pasta e biscotti - Divella","isPartOf":{"@id":"https:\/\/www.divella.it\/it\/#website"},"primaryImageOfPage":{"@id":"https:\/\/www.divella.it\/it\/news\/f-divella-spa-donazione-di-oltre-5-quintali-tra-pasta-e-biscotti\/#primaryimage"},"image":{"@id":"https:\/\/www.divella.it\/it\/news\/f-divella-spa-donazione-di-oltre-5-quintali-tra-pasta-e-biscotti\/#primaryimage"},"thumbnailUrl":"https:\/\/www.divella.it\/wp-content\/uploads\/2021\/05\/donazione.png","datePublished":"2021-05-06T15:59:16+00:00","dateModified":"2024-01-02T11:26:28+00:00","breadcrumb":{"@id":"https:\/\/www.divella.it\/it\/news\/f-divella-spa-donazione-di-oltre-5-quintali-tra-pasta-e-biscotti\/#breadcrumb"},"inLanguage":"it-IT","potentialAction":[{"@type":"ReadAction","target":["https:\/\/www.divella.it\/it\/news\/f-divella-spa-donazione-di-oltre-5-quintali-tra-pasta-e-biscotti\/"]}]},{"@type":"ImageObject","inLanguage":"it-IT","@id":"https:\/\/www.divella.it\/it\/news\/f-divella-spa-donazione-di-oltre-5-quintali-tra-pasta-e-biscotti\/#primaryimage","url":"https:\/\/www.divella.it\/wp-content\/uploads\/2021\/05\/donazione.png","contentUrl":"https:\/\/www.divella.it\/wp-content\/uploads\/2021\/05\/donazione.png","width":1024,"height":320},{"@type":"BreadcrumbList","@id":"https:\/\/www.divella.it\/it\/news\/f-divella-spa-donazione-di-oltre-5-quintali-tra-pasta-e-biscotti\/#breadcrumb","itemListElement":[{"@type":"ListItem","position":1,"name":"Home","item":"https:\/\/www.divella.it\/it\/"},{"@type":"ListItem","position":2,"name":"F. Divella S.p.A.: donazione di oltre 5 quintali tra pasta e biscotti"}]},{"@type":"WebSite","@id":"https:\/\/www.divella.it\/it\/#website","url":"https:\/\/www.divella.it\/it\/","name":"Divella","description":"","publisher":{"@id":"https:\/\/www.divella.it\/it\/#organization"},"potentialAction":[{"@type":"SearchAction","target":{"@type":"EntryPoint","urlTemplate":"https:\/\/www.divella.it\/it\/?s={search_term_string}"},"query-input":{"@type":"PropertyValueSpecification","valueRequired":true,"valueName":"search_term_string"}}],"inLanguage":"it-IT"},{"@type":"Organization","@id":"https:\/\/www.divella.it\/it\/#organization","name":"Divella","url":"https:\/\/www.divella.it\/it\/","logo":{"@type":"ImageObject","inLanguage":"it-IT","@id":"https:\/\/www.divella.it\/it\/#\/schema\/logo\/image\/","url":"https:\/\/www.divella.it\/wp-content\/uploads\/2023\/01\/logo-divella.jpg","contentUrl":"https:\/\/www.divella.it\/wp-content\/uploads\/2023\/01\/logo-divella.jpg","width":200,"height":151,"caption":"Divella"},"image":{"@id":"https:\/\/www.divella.it\/it\/#\/schema\/logo\/image\/"},"sameAs":["https:\/\/www.facebook.com\/Divella.IT\/","https:\/\/x.com\/divellaofficial","https:\/\/www.youtube.com\/channel\/UCfw9Jp-BYRM0T9qWR7RQK7A","https:\/\/www.instagram.com\/divellaofficial\/?hl=it","https:\/\/www.linkedin.com\/company\/f.-divella-spa\/?originalSubdomain=it"]},{"@type":"Person","@id":"https:\/\/www.divella.it\/it\/#\/schema\/person\/ad6166f3364fc182b914e1f4e375fa2f","name":"valeria","image":{"@type":"ImageObject","inLanguage":"it-IT","@id":"https:\/\/secure.gravatar.com\/avatar\/a4d4a02dbd3f958fd263a3d0cd1228e83c70f5fe701cc604b4750b12c8bf483c?s=96&d=mm&r=g","url":"https:\/\/secure.gravatar.com\/avatar\/a4d4a02dbd3f958fd263a3d0cd1228e83c70f5fe701cc604b4750b12c8bf483c?s=96&d=mm&r=g","contentUrl":"https:\/\/secure.gravatar.com\/avatar\/a4d4a02dbd3f958fd263a3d0cd1228e83c70f5fe701cc604b4750b12c8bf483c?s=96&d=mm&r=g","caption":"valeria"},"sameAs":["https:\/\/x.com\/aimpedovo"]}]}},"_links":{"self":[{"href":"https:\/\/www.divella.it\/it\/wp-json\/wp\/v2\/posts\/5465","targetHints":{"allow":["GET"]}}],"collection":[{"href":"https:\/\/www.divella.it\/it\/wp-json\/wp\/v2\/posts"}],"about":[{"href":"https:\/\/www.divella.it\/it\/wp-json\/wp\/v2\/types\/post"}],"author":[{"embeddable":true,"href":"https:\/\/www.divella.it\/it\/wp-json\/wp\/v2\/users\/7"}],"replies":[{"embeddable":true,"href":"https:\/\/www.divella.it\/it\/wp-json\/wp\/v2\/comments?post=5465"}],"version-history":[{"count":3,"href":"https:\/\/www.divella.it\/it\/wp-json\/wp\/v2\/posts\/5465\/revisions"}],"predecessor-version":[{"id":6130,"href":"https:\/\/www.divella.it\/it\/wp-json\/wp\/v2\/posts\/5465\/revisions\/6130"}],"wp:featuredmedia":[{"embeddable":true,"href":"https:\/\/www.divella.it\/it\/wp-json\/wp\/v2\/media\/6421"}],"wp:attachment":[{"href":"https:\/\/www.divella.it\/it\/wp-json\/wp\/v2\/media?parent=5465"}],"wp:term":[{"taxonomy":"category","embeddable":true,"href":"https:\/\/www.divella.it\/it\/wp-json\/wp\/v2\/categories?post=5465"},{"taxonomy":"post_tag","embeddable":true,"href":"https:\/\/www.divella.it\/it\/wp-json\/wp\/v2\/tags?post=5465"}],"curies":[{"name":"wp","href":"https:\/\/api.w.org\/{rel}","templated":true}]}}